{"id":301,"date":"2020-04-06T16:54:47","date_gmt":"2020-04-06T15:54:47","guid":{"rendered":"http:\/\/blog.carolinedelesalle.com\/?p=301"},"modified":"2020-11-11T15:03:07","modified_gmt":"2020-11-11T14:03:07","slug":"mise-a-jour-de-la-certification-opquast","status":"publish","type":"post","link":"https:\/\/www.carolinedelesalle.com\/blog\/2020\/04\/06\/mise-a-jour-de-la-certification-opquast\/","title":{"rendered":"Mise \u00e0 jour de la certification Opquast"},"content":{"rendered":"<p>En ces temps un peu \u00e9tranges\u2026 je prends le temps, et d\u00e9poussi\u00e8re un peu ce blog qui est \u00e0 l\u2019\u00e9tat v\u00e9g\u00e9tatif\u2026 Et j\u2019en profite pour me mettre \u00e0 jour sur les bonnes pratiques Opquast ! Eh oui, \u00e7a y est, la version 4 est sortie ! L\u2019occasion pour moi de m\u2019y replonger (<a href=\"http:\/\/blog.carolinedelesalle.com\/2018\/09\/07\/certifiee-opquast-qualite-web\/\" title=\"yeah, je suis certifi\u00e9e!\">j&rsquo;avais \u00e9crit un article <\/a>), et de d\u00e9couvrir les nouvelles bonnes pratiques.<\/p>\n<p><!--more--><\/p>\n<p>Opquast vient de communiquer la nouvelle version dans sa newsletter envoy\u00e9e la semaine derni\u00e8re, disponible sur leur site. (<a href=\"https:\/\/www.opquast.com\/nouvelle-checklist-nouvelle-formation\/\" title=\"Nouvelle checklist, nouvelle formation en ligne\">ici<\/a>, et <a href=\"https:\/\/www.opquast.com\/dans-la-cuisine-dune-mise-a-jour-merci-a-tous\/\" title=\"Dans la cuisine d\u2019une mise \u00e0 jour (merci \u00e0 tous)\n\">l\u00e0<\/a>)<\/p>\n<p>4 crit\u00e8res sont requis pour qu\u2019une bonne pratique soit retenue dans le r\u00e9f\u00e9rentiel : consensuelle, r\u00e9aliste, utile et v\u00e9rifiable.<\/p>\n<h2>240 bonnes pratiques contre 226<\/h2>\n<p><a href=\"https:\/\/www.opquast.com\/checklist-opquast-v4-le-changelog\/\">Le changelog est dispo sur leur site<\/a>, ce qui permet d\u2019avoir une vue rapide de ce qui change ! Cette nouvelle \u00e9dition comporte 41 nouvelles bonnes pratiques, et 27 sont supprim\u00e9es.<br \/>\nGlobalement, il y a peu de changement : la plupart des bonnes pratiques de la version 3 restent valables.<br \/>\nIl y a eu un gros travail de simplification et de tri : moins de cat\u00e9gories (ou de chapitres si vous avez le bouquin comme moi), et un regroupement plus logique de certaines bonnes pratiques. Les objectifs sont parfois plus d\u00e9taill\u00e9s, en y ajoutant l\u2019aspect accessibilit\u00e9 ou SEO.<\/p>\n<h2>Ce qui change et ce qui reste<\/h2>\n<p>La cat\u00e9gorie \u00ab EcoDesign \u00bb fait son apparition. Cool ! Les 9 bonnes pratiques \u00e9taient d\u00e9j\u00e0 toutes pr\u00e9sentes dans la version pr\u00e9c\u00e9dente. La cat\u00e9gorie \u00ab Donn\u00e9es personnelles \u00bb fait son apparition, tandis que les cat\u00e9gories \u00ab Contact \u00bb et \u00ab identification \u00bb ne font plus qu\u2019une.<br \/>\nLe chapitre \u00ab syndication \u00bb pr\u00e9sent dans la version pr\u00e9c\u00e9dente, est supprim\u00e9. De moins en moins de sites proposent un flux RSS, pr\u00e9f\u00e9rant une communication de leurs nouvelles sur Linkedin, Facebook ou twitter\u2026<br \/>\nCependant pour celles (comme moi) et ceux qui pr\u00e9f\u00e8rent utiliser un agr\u00e9gateur de flux RSS, la bonne pratique \u00ab Les fils de syndication sont d\u00e9tectables par les agents utilisateurs. \u00bb reste valable et utile.<br \/>\nLe chapitre \u00ab mobile \u00bb est lui aussi supprim\u00e9, mais certaines bonnes pratiques restent : elles sont simplement d\u00e9plac\u00e9es dans des cat\u00e9gories ad\u00e9quates.<\/p>\n<p>Parmi les nouvelles bonnes pratiques, je note celles-ci :<\/p>\n<ul>\n<li>\n<a href:\"https:=\"\" checklists.opquast.com=\"\" fr=\"\" qualiteweb=\"\" chaque-graphique-est-accompagne-de-ses-donnees-numeriques\"=\"\">Chaque graphique est accompagn\u00e9 de ses donn\u00e9es num\u00e9riques.<\/a> #Edito #SEO (BP12)<\/li>\n<li><a href=\" https:=\" \"=\"\" checklists.opquast.com=\"\" fr=\"\" qualiteweb=\"\" il-est-possible-de-se-deconnecter-des-espaces-prives\"=\"\">Il est possible de se d\u00e9connecter des espaces priv\u00e9s.<\/a> #D\u00e9v #S\u00e9curit\u00e9 #Donn\u00e9es perso (BP22)<\/li>\n<li><a href=\"https:\/\/checklists.opquast.com\/fr\/qualiteweb\/le-site-accepte-les-alias-mail-contenant-le-signe\">Le site accepte les alias mail contenant le sigle +.<\/a> #D\u00e9v #S\u00e9curit\u00e9 #Donn\u00e9es perso (BP23)<\/li>\n<li><a href=\"https:\/\/checklists.opquast.com\/fr\/qualiteweb\/les-donnees-bancaires-ne-sont-memorisees-quapres-consentement-explicite-de-lutilisateur\">Les donn\u00e9es bancaires ne sont m\u00e9moris\u00e9es qu&rsquo;apr\u00e8s consentement explicite de l\u2019utilisateur\u00b7trice.<\/a> #D\u00e9v #S\u00e9curit\u00e9 #E-commerce (BP58)<\/li>\n<li><a href=\"https:\/\/checklists.opquast.com\/fr\/qualiteweb\/les-items-actifs-de-menu-sont-signales\">Les items actifs du menu sont signal\u00e9s. <\/a>#Accessibilit\u00e9 #D\u00e9v #Navigation (BP152)<\/li>\n<li><a href=\"https:\/\/checklists.opquast.com\/fr\/qualiteweb\/toutes-les-pages-utilisent-le-protocole-https\">Toutes les pages utilisent le protocole HTTPS.<\/a> #D\u00e9v #S\u00e9curit\u00e9 (BP192)<\/li>\n<li><a href=\"https:\/\/checklists.opquast.com\/fr\/qualiteweb\/les-pages-utilisant-le-protocole-https-ne-proposent-pas-de-ressources-http\">Les pages utilisant le protocole HTTPS ne proposent pas de ressources HTTP.<\/a> #D\u00e9v #S\u00e9curit\u00e9 (BP195)<\/li>\n<\/ul>\n<h2>Au final<\/h2>\n<p>Il reste quelques petites coquilles ici et l\u00e0, mais rien de grave.<br \/>\nPour les nouvelles bonnes pratiques, seul l&rsquo;objectif est compl\u00e9t\u00e9, la mise en oeuvre et le contr\u00f4le ne sont pas encore renseign\u00e9s.<\/p>\n<p>Je trouve dommage que la nouvelle version n\u2019utilise pas l\u2019\u00e9criture inclusive. Peut-\u00eatre pour la prochaine ?<\/p>\n<p>Chaque version a une dur\u00e9e de 5 ans en moyenne. Et globalement, cette mise \u00e0 jour est, comme les pr\u00e9c\u00e9dentes, l\u00e0 pour durer.<br \/>\nJ\u2019ai h\u00e2te de voir le nouveau site ! Que pensez-vous de cette nouvelle \u00e9dition ? Avez-vous d\u00e9j\u00e0 pris le temps de vous y plonger ?<\/p>\n<p>[Edit le 11\/11\/2020 : J&rsquo;ai pass\u00e9 la mise \u00e0 jour en septembre, que j&rsquo;ai valid\u00e9 ! :)]<\/p>\n","protected":false},"excerpt":{"rendered":"<p>En ces temps un peu \u00e9tranges\u2026 je prends le temps, et d\u00e9poussi\u00e8re un peu ce blog qui est \u00e0 l\u2019\u00e9tat v\u00e9g\u00e9tatif\u2026 Et j\u2019en profite pour me mettre \u00e0 jour sur les bonnes pratiques Opquast ! Eh oui, \u00e7a y est, la version 4 est sortie ! L\u2019occasion pour moi de m\u2019y replonger (j&rsquo;avais \u00e9crit un&hellip; <a class=\"more-link\" href=\"https:\/\/www.carolinedelesalle.com\/blog\/2020\/04\/06\/mise-a-jour-de-la-certification-opquast\/\">Poursuivre la lecture <span class=\"screen-reader-text\">Mise \u00e0 jour de la certification Opquast<\/span><\/a><\/p>\n","protected":false},"author":2,"featured_media":324,"comment_status":"open","ping_status":"open","sticky":false,"template":"","format":"standard","meta":{"spay_email":"","jetpack_publicize_message":"","jetpack_is_tweetstorm":false},"categories":[2],"tags":[9,8,15,10],"yoast_head":"<!-- This site is optimized with the Yoast SEO plugin v16.8 - https:\/\/yoast.com\/wordpress\/plugins\/seo\/ -->\n<title>Mise \u00e0 jour de la certification Opquast<\/title>\n<meta name=\"description\" content=\"La version 4 de la certification Opquast est sortie. C&#039;est peut-\u00eatre le meilleur moment pour se mettre \u00e0 jour et d\u00e9couvrir les nouvelles bonnes pratiques !\" \/>\n<meta name=\"robots\" content=\"index, follow, max-snippet:-1, max-image-preview:large, max-video-preview:-1\" \/>\n<link rel=\"canonical\" href=\"https:\/\/www.carolinedelesalle.com\/blog\/2020\/04\/06\/mise-a-jour-de-la-certification-opquast\/\" \/>\n<meta property=\"og:locale\" content=\"fr_FR\" \/>\n<meta property=\"og:type\" content=\"article\" \/>\n<meta property=\"og:title\" content=\"Mise \u00e0 jour de la certification Opquast\" \/>\n<meta property=\"og:description\" content=\"La version 4 de la certification Opquast est sortie. C&#039;est peut-\u00eatre le meilleur moment pour se mettre \u00e0 jour et d\u00e9couvrir les nouvelles bonnes pratiques !\" \/>\n<meta property=\"og:url\" content=\"https:\/\/www.carolinedelesalle.com\/blog\/2020\/04\/06\/mise-a-jour-de-la-certification-opquast\/\" \/>\n<meta property=\"og:site_name\" content=\"Caroline Delesalle\" \/>\n<meta property=\"article:published_time\" content=\"2020-04-06T15:54:47+00:00\" \/>\n<meta property=\"article:modified_time\" content=\"2020-11-11T14:03:07+00:00\" \/>\n<meta property=\"og:image\" content=\"http:\/\/blog.carolinedelesalle.com\/wp-content\/uploads\/2020\/03\/test.png\" \/>\n\t<meta property=\"og:image:width\" content=\"1100\" \/>\n\t<meta property=\"og:image:height\" content=\"400\" \/>\n<meta name=\"twitter:card\" content=\"summary\" \/>\n<meta name=\"twitter:creator\" content=\"@almostdesigner\" \/>\n<meta name=\"twitter:site\" content=\"@almostdesigner\" \/>\n<meta name=\"twitter:label1\" content=\"\u00c9crit par\" \/>\n\t<meta name=\"twitter:data1\" content=\"Caro\" \/>\n\t<meta name=\"twitter:label2\" content=\"Dur\u00e9e de lecture est.\" \/>\n\t<meta name=\"twitter:data2\" content=\"3 minutes\" \/>\n<script type=\"application\/ld+json\" class=\"yoast-schema-graph\">{\"@context\":\"https:\/\/schema.org\",\"@graph\":[{\"@type\":\"WebSite\",\"@id\":\"https:\/\/www.carolinedelesalle.com\/blog\/#website\",\"url\":\"https:\/\/www.carolinedelesalle.com\/blog\/\",\"name\":\"Caroline Delesalle\",\"description\":\"UI Designer \\u00e0 forte app\\u00e9tence pour l&#039;UX\",\"potentialAction\":[{\"@type\":\"SearchAction\",\"target\":{\"@type\":\"EntryPoint\",\"urlTemplate\":\"https:\/\/www.carolinedelesalle.com\/blog\/?s={search_term_string}\"},\"query-input\":\"required name=search_term_string\"}],\"inLanguage\":\"fr-FR\"},{\"@type\":\"ImageObject\",\"@id\":\"https:\/\/www.carolinedelesalle.com\/blog\/2020\/04\/06\/mise-a-jour-de-la-certification-opquast\/#primaryimage\",\"inLanguage\":\"fr-FR\",\"url\":\"https:\/\/i0.wp.com\/www.carolinedelesalle.com\/blog\/wp-content\/uploads\/2020\/03\/test.png?fit=1100%2C400&ssl=1\",\"contentUrl\":\"https:\/\/i0.wp.com\/www.carolinedelesalle.com\/blog\/wp-content\/uploads\/2020\/03\/test.png?fit=1100%2C400&ssl=1\",\"width\":1100,\"height\":400,\"caption\":\"Mise \\u00e0 jour des bonnes pratiques OPQUAST\"},{\"@type\":\"WebPage\",\"@id\":\"https:\/\/www.carolinedelesalle.com\/blog\/2020\/04\/06\/mise-a-jour-de-la-certification-opquast\/#webpage\",\"url\":\"https:\/\/www.carolinedelesalle.com\/blog\/2020\/04\/06\/mise-a-jour-de-la-certification-opquast\/\",\"name\":\"Mise \\u00e0 jour de la certification Opquast\",\"isPartOf\":{\"@id\":\"https:\/\/www.carolinedelesalle.com\/blog\/#website\"},\"primaryImageOfPage\":{\"@id\":\"https:\/\/www.carolinedelesalle.com\/blog\/2020\/04\/06\/mise-a-jour-de-la-certification-opquast\/#primaryimage\"},\"datePublished\":\"2020-04-06T15:54:47+00:00\",\"dateModified\":\"2020-11-11T14:03:07+00:00\",\"author\":{\"@id\":\"https:\/\/www.carolinedelesalle.com\/blog\/#\/schema\/person\/6b6aeaf262b2e31c3ac176495ce8d35b\"},\"description\":\"La version 4 de la certification Opquast est sortie. C'est peut-\\u00eatre le meilleur moment pour se mettre \\u00e0 jour et d\\u00e9couvrir les nouvelles bonnes pratiques !\",\"breadcrumb\":{\"@id\":\"https:\/\/www.carolinedelesalle.com\/blog\/2020\/04\/06\/mise-a-jour-de-la-certification-opquast\/#breadcrumb\"},\"inLanguage\":\"fr-FR\",\"potentialAction\":[{\"@type\":\"ReadAction\",\"target\":[\"https:\/\/www.carolinedelesalle.com\/blog\/2020\/04\/06\/mise-a-jour-de-la-certification-opquast\/\"]}]},{\"@type\":\"BreadcrumbList\",\"@id\":\"https:\/\/www.carolinedelesalle.com\/blog\/2020\/04\/06\/mise-a-jour-de-la-certification-opquast\/#breadcrumb\",\"itemListElement\":[{\"@type\":\"ListItem\",\"position\":1,\"name\":\"Accueil\",\"item\":\"https:\/\/www.carolinedelesalle.com\/blog\/\"},{\"@type\":\"ListItem\",\"position\":2,\"name\":\"Mise \\u00e0 jour de la certification Opquast\"}]},{\"@type\":\"Person\",\"@id\":\"https:\/\/www.carolinedelesalle.com\/blog\/#\/schema\/person\/6b6aeaf262b2e31c3ac176495ce8d35b\",\"name\":\"Caro\",\"image\":{\"@type\":\"ImageObject\",\"@id\":\"https:\/\/www.carolinedelesalle.com\/blog\/#personlogo\",\"inLanguage\":\"fr-FR\",\"url\":\"https:\/\/secure.gravatar.com\/avatar\/2d8c2e37cbaac7cd4e61e78b4d039366?s=96&d=retro&r=g\",\"contentUrl\":\"https:\/\/secure.gravatar.com\/avatar\/2d8c2e37cbaac7cd4e61e78b4d039366?s=96&d=retro&r=g\",\"caption\":\"Caro\"},\"url\":\"https:\/\/www.carolinedelesalle.com\/blog\/author\/caro\/\"}]}<\/script>\n<!-- \/ Yoast SEO plugin. -->","yoast_head_json":{"title":"Mise \u00e0 jour de la certification Opquast","description":"La version 4 de la certification Opquast est sortie. C'est peut-\u00eatre le meilleur moment pour se mettre \u00e0 jour et d\u00e9couvrir les nouvelles bonnes pratiques !","robots":{"index":"index","follow":"follow","max-snippet":"max-snippet:-1","max-image-preview":"max-image-preview:large","max-video-preview":"max-video-preview:-1"},"canonical":"https:\/\/www.carolinedelesalle.com\/blog\/2020\/04\/06\/mise-a-jour-de-la-certification-opquast\/","og_locale":"fr_FR","og_type":"article","og_title":"Mise \u00e0 jour de la certification Opquast","og_description":"La version 4 de la certification Opquast est sortie. C'est peut-\u00eatre le meilleur moment pour se mettre \u00e0 jour et d\u00e9couvrir les nouvelles bonnes pratiques !","og_url":"https:\/\/www.carolinedelesalle.com\/blog\/2020\/04\/06\/mise-a-jour-de-la-certification-opquast\/","og_site_name":"Caroline Delesalle","article_published_time":"2020-04-06T15:54:47+00:00","article_modified_time":"2020-11-11T14:03:07+00:00","og_image":[{"width":1100,"height":400,"url":"http:\/\/blog.carolinedelesalle.com\/wp-content\/uploads\/2020\/03\/test.png","path":"\/home\/carolinetv\/blog\/wp-content\/uploads\/2020\/03\/test.png","size":"full","id":324,"alt":"Mise \u00e0 jour des bonnes pratiques OPQUAST","pixels":440000,"type":"image\/png"}],"twitter_card":"summary","twitter_creator":"@almostdesigner","twitter_site":"@almostdesigner","twitter_misc":{"\u00c9crit par":"Caro","Dur\u00e9e de lecture est.":"3 minutes"},"schema":{"@context":"https:\/\/schema.org","@graph":[{"@type":"WebSite","@id":"https:\/\/www.carolinedelesalle.com\/blog\/#website","url":"https:\/\/www.carolinedelesalle.com\/blog\/","name":"Caroline Delesalle","description":"UI Designer \u00e0 forte app\u00e9tence pour l&#039;UX","potentialAction":[{"@type":"SearchAction","target":{"@type":"EntryPoint","urlTemplate":"https:\/\/www.carolinedelesalle.com\/blog\/?s={search_term_string}"},"query-input":"required name=search_term_string"}],"inLanguage":"fr-FR"},{"@type":"ImageObject","@id":"https:\/\/www.carolinedelesalle.com\/blog\/2020\/04\/06\/mise-a-jour-de-la-certification-opquast\/#primaryimage","inLanguage":"fr-FR","url":"https:\/\/i0.wp.com\/www.carolinedelesalle.com\/blog\/wp-content\/uploads\/2020\/03\/test.png?fit=1100%2C400&ssl=1","contentUrl":"https:\/\/i0.wp.com\/www.carolinedelesalle.com\/blog\/wp-content\/uploads\/2020\/03\/test.png?fit=1100%2C400&ssl=1","width":1100,"height":400,"caption":"Mise \u00e0 jour des bonnes pratiques OPQUAST"},{"@type":"WebPage","@id":"https:\/\/www.carolinedelesalle.com\/blog\/2020\/04\/06\/mise-a-jour-de-la-certification-opquast\/#webpage","url":"https:\/\/www.carolinedelesalle.com\/blog\/2020\/04\/06\/mise-a-jour-de-la-certification-opquast\/","name":"Mise \u00e0 jour de la certification Opquast","isPartOf":{"@id":"https:\/\/www.carolinedelesalle.com\/blog\/#website"},"primaryImageOfPage":{"@id":"https:\/\/www.carolinedelesalle.com\/blog\/2020\/04\/06\/mise-a-jour-de-la-certification-opquast\/#primaryimage"},"datePublished":"2020-04-06T15:54:47+00:00","dateModified":"2020-11-11T14:03:07+00:00","author":{"@id":"https:\/\/www.carolinedelesalle.com\/blog\/#\/schema\/person\/6b6aeaf262b2e31c3ac176495ce8d35b"},"description":"La version 4 de la certification Opquast est sortie. C'est peut-\u00eatre le meilleur moment pour se mettre \u00e0 jour et d\u00e9couvrir les nouvelles bonnes pratiques !","breadcrumb":{"@id":"https:\/\/www.carolinedelesalle.com\/blog\/2020\/04\/06\/mise-a-jour-de-la-certification-opquast\/#breadcrumb"},"inLanguage":"fr-FR","potentialAction":[{"@type":"ReadAction","target":["https:\/\/www.carolinedelesalle.com\/blog\/2020\/04\/06\/mise-a-jour-de-la-certification-opquast\/"]}]},{"@type":"BreadcrumbList","@id":"https:\/\/www.carolinedelesalle.com\/blog\/2020\/04\/06\/mise-a-jour-de-la-certification-opquast\/#breadcrumb","itemListElement":[{"@type":"ListItem","position":1,"name":"Accueil","item":"https:\/\/www.carolinedelesalle.com\/blog\/"},{"@type":"ListItem","position":2,"name":"Mise \u00e0 jour de la certification Opquast"}]},{"@type":"Person","@id":"https:\/\/www.carolinedelesalle.com\/blog\/#\/schema\/person\/6b6aeaf262b2e31c3ac176495ce8d35b","name":"Caro","image":{"@type":"ImageObject","@id":"https:\/\/www.carolinedelesalle.com\/blog\/#personlogo","inLanguage":"fr-FR","url":"https:\/\/secure.gravatar.com\/avatar\/2d8c2e37cbaac7cd4e61e78b4d039366?s=96&d=retro&r=g","contentUrl":"https:\/\/secure.gravatar.com\/avatar\/2d8c2e37cbaac7cd4e61e78b4d039366?s=96&d=retro&r=g","caption":"Caro"},"url":"https:\/\/www.carolinedelesalle.com\/blog\/author\/caro\/"}]}},"jetpack_featured_media_url":"https:\/\/i0.wp.com\/www.carolinedelesalle.com\/blog\/wp-content\/uploads\/2020\/03\/test.png?fit=1100%2C400&ssl=1","jetpack_publicize_connections":[],"jetpack_sharing_enabled":true,"jetpack_shortlink":"https:\/\/wp.me\/p6YS2T-4R","jetpack-related-posts":[{"id":210,"url":"https:\/\/www.carolinedelesalle.com\/blog\/2018\/09\/07\/certifiee-opquast-qualite-web\/","url_meta":{"origin":301,"position":0},"title":"Opquast : \u00c7a y est, je suis certifi\u00e9e !","date":"7 septembre 2018","format":false,"excerpt":"Retour sur la formation : Ma\u00eetrise de la Qualit\u00e9 Web Depuis longtemps je souhaitais passer la certification opquast. En milieu d'ann\u00e9e derni\u00e8re, je me suis enfin d\u00e9cid\u00e9e \u00e0 acheter le livre \u00ab Qualit\u00e9 Web \u00bb. J'ai mis du temps \u00e0 le lire, et \u00e0 m\u2019en impr\u00e9gner. Le livre termin\u00e9, je\u2026","rel":"","context":"Dans &quot;Blog&quot;","img":{"alt_text":"Opquast, qualit\u00e9 web : 895 points","src":"https:\/\/i0.wp.com\/www.carolinedelesalle.com\/blog\/wp-content\/uploads\/2018\/09\/Opquast-certifee-1038x576.gif?fit=1038%2C576&ssl=1&resize=350%2C200","width":350,"height":200},"classes":[]},{"id":535,"url":"https:\/\/www.carolinedelesalle.com\/blog\/2020\/11\/11\/inktober-2020-je-lai-fait\/","url_meta":{"origin":301,"position":1},"title":"Inktober 2020 : Je l\u2019ai fait !","date":"11 novembre 2020","format":false,"excerpt":"J'en entends parler depuis quelques ann\u00e9es, sans jamais avoir os\u00e9, ou pris le temps, de le faire. Cette ann\u00e9e, j'ai d\u00e9cid\u00e9 d'essayer. J'avais lu et regard\u00e9 quelques conseils (ici ou l\u00e0), et ayant un peu de temps, j'ai guett\u00e9 la publication de la liste officielle. Mais, savez-vous ce qu'est l'inktober\u2026","rel":"","context":"Dans &quot;Blog&quot;","img":{"alt_text":"","src":"https:\/\/i0.wp.com\/www.carolinedelesalle.com\/blog\/wp-content\/uploads\/2020\/11\/Inktober_3.jpg?fit=1200%2C675&ssl=1&resize=350%2C200","width":350,"height":200},"classes":[]},{"id":41,"url":"https:\/\/www.carolinedelesalle.com\/blog\/2016\/01\/18\/portfolio-partie-1-positionnement-design\/","url_meta":{"origin":301,"position":2},"title":"Portfolio, partie 1 : Positionnement & Design","date":"18 janvier 2016","format":false,"excerpt":"Mon premier portfolio a \u00e9t\u00e9 publi\u00e9 en 2003. J'avais choisi le nom de domaine et mon pseudo[1. J\u2019ai choisi ce pseudo car c\u2019est important pour moi d\u2019apprendre, de continuer \u00e0 apprendre, de toujours apprendre. Tous les jours mon m\u00e9tier \u00e9volue, il est important pour moi de rester ouverte aux am\u00e9liorations,\u2026","rel":"","context":"Dans &quot;Blog&quot;","img":{"alt_text":"Moodboard","src":"https:\/\/i2.wp.com\/blog.carolinedelesalle.com\/wp-content\/uploads\/2016\/01\/moodboard_geometriq1-1024x621.jpg?resize=350%2C200","width":350,"height":200},"classes":[]},{"id":371,"url":"https:\/\/www.carolinedelesalle.com\/blog\/2020\/06\/17\/notes-de-lecture-typographie-web-jason-santa-maria\/","url_meta":{"origin":301,"position":3},"title":"Notes de lecture : Typographie Web \u2013 Jason Santa Maria","date":"17 juin 2020","format":false,"excerpt":"J\u2019avais lu il y a quelques ann\u00e9es le livre de Jason Santa Maria \u00ab Typographie Web \u00bb, et j\u2019ai profit\u00e9 d\u2019avoir un peu de temps libre ces derniers temps pour le relire, et prendre quelques notes. La s\u00e9rie de livres de la collection \u00ab a book apart \u00bb est tr\u00e8s\u2026","rel":"","context":"Dans &quot;Blog&quot;","img":{"alt_text":"","src":"https:\/\/i1.wp.com\/www.carolinedelesalle.com\/blog\/wp-content\/uploads\/2020\/06\/Typo-Web-1200675-Copy@2x.png?fit=1200%2C675&ssl=1&resize=350%2C200","width":350,"height":200},"classes":[]},{"id":25,"url":"https:\/\/www.carolinedelesalle.com\/blog\/2015\/12\/01\/hello-world\/","url_meta":{"origin":301,"position":4},"title":"Hello World !","date":"1 d\u00e9cembre 2015","format":false,"excerpt":"Bienvenue sur ce blog. Je ne sais pas si j'\u00e9crirai souvent ici. Je ne sais pas non plus si j'\u00e9crirai des choses int\u00e9ressantes.\u00a0J'essaierai. Je me suis longuement pos\u00e9 la question d'un blog. Est-ce que j'arriverai \u00e0 \u00e9crire r\u00e9guli\u00e8rement, \u00e0 poster du contenu pertinent... Je ne sais pas. Je n'en ai\u2026","rel":"","context":"Dans &quot;Blog&quot;","img":{"alt_text":"","src":"","width":0,"height":0},"classes":[]},{"id":120,"url":"https:\/\/www.carolinedelesalle.com\/blog\/2016\/02\/19\/retour-sur-le-meetup-5-idees-fausses-sur-lux-design\/","url_meta":{"origin":301,"position":5},"title":"Retour sur le meetup : \"5 id\u00e9es fausses sur l'UX Design\"","date":"19 f\u00e9vrier 2016","format":false,"excerpt":"Mercredi soir, j'ai particip\u00e9 au meetup \"5 id\u00e9es fausses sur l'UX Design\", pr\u00e9sent\u00e9 par Fran\u00e7ois-Xavier Abraham, du Wagon et de Doumit, \u00e0 Euratechnologies. Voici mes notes en vrac : Voici ce que je retiens de cette soir\u00e9e : Eduquer son utilisateur. Identifier le probl\u00e8me. Penser aux usages des utilisateurs. L'utilisateur\u2026","rel":"","context":"Dans &quot;Blog&quot;","img":{"alt_text":"5 id\u00c3\u00a9es fausses sur l'UX design","src":"https:\/\/i0.wp.com\/blog.carolinedelesalle.com\/wp-content\/uploads\/2016\/02\/notes.jpg?resize=350%2C200","width":350,"height":200},"classes":[]}],"_links":{"self":[{"href":"https:\/\/www.carolinedelesalle.com\/blog\/wp-json\/wp\/v2\/posts\/301"}],"collection":[{"href":"https:\/\/www.carolinedelesalle.com\/blog\/wp-json\/wp\/v2\/posts"}],"about":[{"href":"https:\/\/www.carolinedelesalle.com\/blog\/wp-json\/wp\/v2\/types\/post"}],"author":[{"embeddable":true,"href":"https:\/\/www.carolinedelesalle.com\/blog\/wp-json\/wp\/v2\/users\/2"}],"replies":[{"embeddable":true,"href":"https:\/\/www.carolinedelesalle.com\/blog\/wp-json\/wp\/v2\/comments?post=301"}],"version-history":[{"count":23,"href":"https:\/\/www.carolinedelesalle.com\/blog\/wp-json\/wp\/v2\/posts\/301\/revisions"}],"predecessor-version":[{"id":548,"href":"https:\/\/www.carolinedelesalle.com\/blog\/wp-json\/wp\/v2\/posts\/301\/revisions\/548"}],"wp:featuredmedia":[{"embeddable":true,"href":"https:\/\/www.carolinedelesalle.com\/blog\/wp-json\/wp\/v2\/media\/324"}],"wp:attachment":[{"href":"https:\/\/www.carolinedelesalle.com\/blog\/wp-json\/wp\/v2\/media?parent=301"}],"wp:term":[{"taxonomy":"category","embeddable":true,"href":"https:\/\/www.carolinedelesalle.com\/blog\/wp-json\/wp\/v2\/categories?post=301"},{"taxonomy":"post_tag","embeddable":true,"href":"https:\/\/www.carolinedelesalle.com\/blog\/wp-json\/wp\/v2\/tags?post=301"}],"curies":[{"name":"wp","href":"https:\/\/api.w.org\/{rel}","templated":true}]}}